{"id":362,"date":"2023-12-18T20:35:00","date_gmt":"2023-12-18T19:35:00","guid":{"rendered":"http:\/\/gipmaponi.de\/?p=362"},"modified":"2024-01-03T21:22:31","modified_gmt":"2024-01-03T20:22:31","slug":"konferenz-xi-internationale-nachwuchskonferenzkonferenz-junge-forschung-im-bereich-deutsch-als-fremdsprachekonferenz-xi-internationale-nachwuchskonferenzkonferenz","status":"publish","type":"post","link":"https:\/\/gipmaponi.de\/?p=362","title":{"rendered":"Konferenz: XI. Internationale Nachwuchskonferenz &#8211; \u201eJunge Forschung im Bereich Deutsch als Fremdsprache\u201c"},"content":{"rendered":"\n<p class=\"has-text-align-center\"><strong>Call for Papers<\/strong><\/p>\n\n\n\n<p class=\"has-text-align-center\"><strong>XI. Internationale Nachwuchskonferenz \u201eJunge Forschung im Bereich Deutsch als Fremdsprache\u201c am 6. Juni 2024 an der Philipps-Universit\u00e4t Marburg<\/strong><\/p>\n\n\n\n<p>Die internationale Nachwuchskonferenz im Bereich Fremdsprachendidaktik mit Schwerpunkt Deutsch als Fremdsprache findet j\u00e4hrlich zwischen der Adam-Mickiewicz-Universit\u00e4t Pozna\u0144, der Radboud Universit\u00e4t Nijmegen und der Philipps-Universit\u00e4t Marburg statt. In diesem Jahr wird die Nachwuchskonferenz zum dritten Mal im Rahmen der vom DAAD gef\u00f6rderten Germanistischen Institutspartnerschaft Marburg \u2013 Nijmegen \u2013 Pozna\u0144 ausgerichtet.<\/p>\n\n\n\n<p>Die Konferenz richtet sich an Nachwuchswissenschaftler:innen aus dem In- und Ausland, die ihre laufenden Forschungsprojekte in einem internationalen Rahmen vorstellen und sich mit anderen jungen Wissenschaftler:innen \u00fcber aktuelle Forschungsfragen austauschen m\u00f6chten. W\u00e4hrend der Tagung geht es vor allem darum, aktuelle Fragestellungen, Erhebungs- und Analysemethoden sowie Erkl\u00e4rungsans\u00e4tze zu kommunizieren und zu reflektieren, um neue inhaltliche und methodische Impulse f\u00fcr die eigene Forschung zu erlangen und internationale Kooperationen zu f\u00f6rdern.<\/p>\n\n\n\n<p>Veranstaltet wird die Nachwuchskonferenz von:<\/p>\n\n\n\n<div class=\"wp-block-group\"><div class=\"wp-block-group__inner-container is-layout-constrained wp-block-group-is-layout-constrained\">\n<p><em>Jennifer M\u00fcller, Neo Lautenschl\u00e4ger, Martina Franz dos Santos und Prof. Dr. Kathrin Siebold (Philipps-Universit\u00e4t Marburg)<\/em><\/p>\n\n\n\n<p><em>Dr. Anna Kurzaj und Prof. Dr. Sylwia Adamczak-Krysztofowicz (Adam-Mickiewicz-Universit\u00e4t Pozna\u0144)<\/em><\/p>\n\n\n\n<p><em>Chrissy Laurentzen und Dr. Sabine Jentges (Radboud Universit\u00e4t Nijmegen)<\/em><\/p>\n\n\n\n<p>Wenn Sie Ihr Forschungsprojekt auf der Konferenz vorstellen und diskutieren m\u00f6chten (15 Minuten Vortrag + 10 Minuten Diskussion), reichen Sie bitte Ihren Beitragsvorschlag im Umfang von max. 3000 Zeichen (inkl. max. f\u00fcnf relevanter Literaturangaben) bis zum 01.02.2024 mit dem Betreff: \u201eInternationale Nachwuchskonferenz\u201c unter folgender E-Mail-Adresse ein: gip-nl-pl-d@uni-marburg.de. Sie erhalten bis zum 01.03.2024 eine R\u00fcckmeldung, ob Ihr Beitrag im Programm aufgenommen werden kann.<\/p>\n\n\n\n<p>Anschlie\u00dfend an diese Nachwuchskonferenz findet am 7. und 8. Juni 2024 die II. Internationale Tagung zu Bildungskooperationen der germanistischen Institutspartnerschaft Marburg \u2013 Nijmegen \u2013 Pozna\u0144 zum Thema \u201eInteraktion und Kompetenzerwerb in Professionellen Lerngemeinschaften in Deutsch als Fremd- und Zweitsprache\u201c statt. Interessent:innen an der Nachwuchskonferenz sind herzlich dazu eingeladen, sich zu einer erm\u00e4\u00dfigten Teilnahmegeb\u00fchr ebenfalls f\u00fcr die Bildungskooperationstagung anzumelden, siehe den CfP hier: <a href=\"https:\/\/gipmaponi.de\/?p=365\" data-type=\"post\" data-id=\"365\">Konferenz: II. Internationale Bildungskooperationstagung: Interaktion und Kompetenzerwerb in professionellen Lerngemeinschaften in Deutsch als Fremd- und Zweitsprache<\/a><\/p>\n\n\n\n<p>Wir freuen uns sehr auf das Treffen in Marburg und den wissenschaftlichen Austausch!<\/p>\n<\/div><\/div>\n","protected":false},"excerpt":{"rendered":"<p>Call for Papers XI. Internationale Nachwuchskonferenz \u201eJunge Forschung im Bereich Deutsch als Fremdsprache\u201c am 6. Juni 2024 an der Philipps-Universit\u00e4t Marburg Die internationale Nachwuchskonferenz im Bereich Fremdsprachendidaktik mit Schwerpunkt Deutsch als Fremdsprache findet j\u00e4hrlich zwischen der Adam-Mickiewicz-Universit\u00e4t Pozna\u0144, der Radboud Universit\u00e4t Nijmegen und der Philipps-Universit\u00e4t Marburg statt. In diesem Jahr wird die Nachwuchskonferenz zum dritten&#8230;<\/p>\n","protected":false},"author":1,"featured_media":0,"comment_status":"closed","ping_status":"","sticky":false,"template":"","format":"standard","meta":{"footnotes":""},"categories":[4],"tags":[],"class_list":["post-362","post","type-post","status-publish","format-standard","hentry","category-veranstaltungen"],"_links":{"self":[{"href":"https:\/\/gipmaponi.de\/index.php?rest_route=\/wp\/v2\/posts\/362","targetHints":{"allow":["GET"]}}],"collection":[{"href":"https:\/\/gipmaponi.de\/index.php?rest_route=\/wp\/v2\/posts"}],"about":[{"href":"https:\/\/gipmaponi.de\/index.php?rest_route=\/wp\/v2\/types\/post"}],"author":[{"embeddable":true,"href":"https:\/\/gipmaponi.de\/index.php?rest_route=\/wp\/v2\/users\/1"}],"replies":[{"embeddable":true,"href":"https:\/\/gipmaponi.de\/index.php?rest_route=%2Fwp%2Fv2%2Fcomments&post=362"}],"version-history":[{"count":4,"href":"https:\/\/gipmaponi.de\/index.php?rest_route=\/wp\/v2\/posts\/362\/revisions"}],"predecessor-version":[{"id":374,"href":"https:\/\/gipmaponi.de\/index.php?rest_route=\/wp\/v2\/posts\/362\/revisions\/374"}],"wp:attachment":[{"href":"https:\/\/gipmaponi.de\/index.php?rest_route=%2Fwp%2Fv2%2Fmedia&parent=362"}],"wp:term":[{"taxonomy":"category","embeddable":true,"href":"https:\/\/gipmaponi.de\/index.php?rest_route=%2Fwp%2Fv2%2Fcategories&post=362"},{"taxonomy":"post_tag","embeddable":true,"href":"https:\/\/gipmaponi.de\/index.php?rest_route=%2Fwp%2Fv2%2Ftags&post=362"}],"curies":[{"name":"wp","href":"https:\/\/api.w.org\/{rel}","templated":true}]}}