{"id":471,"date":"2025-10-15T16:13:19","date_gmt":"2025-10-15T14:13:19","guid":{"rendered":"https:\/\/gipmaponi.de\/?p=471"},"modified":"2026-01-12T14:12:50","modified_gmt":"2026-01-12T13:12:50","slug":"call-for-papers-iii-internationale-bildungskooperationstagung","status":"publish","type":"post","link":"https:\/\/gipmaponi.de\/?p=471","title":{"rendered":"Call for Papers &#8211; III. INTERNATIONALE BILDUNGSKOOPERATIONSTAGUNG"},"content":{"rendered":"\n<p class=\"has-text-align-center has-medium-font-size\"><strong>Kulturbezogenes Lernen im Bereich Deutsch als Fremd- und Zweitsprache: Positionen und Perspektiven<\/strong><\/p>\n\n\n\n<p class=\"has-text-align-left\" style=\"font-size:17px\">Wir freuen uns, Sie\/euch zu der kommenden, im Rahmen der Germanistischen Institutspartnerschaft der Universit\u00e4ten Marburg \u2013 Pozna\u0144 \u2013 Nijmegen organisierten, wissenschaftlichen Tagung zum Thema \u201eKulturbezogenes Lernen im Bereich Deutsch als Fremd- und Zweitsprache: Positionen und Perspektiven\u201c nach Nijmegen (NL) einzuladen. Die Tagung will eine Plattform f\u00fcr den Austausch aktueller Forschungsergebnisse, innovativer Ans\u00e4tze f\u00fcr die und aus der Praxis sowie vielf\u00e4ltiger Perspektiven im Bereich des kulturbezogenen Lernens bieten.<\/p>\n\n\n\n<p><strong>Datum: <\/strong>19. &amp; 20. Juni 2026<br><strong>Ort: <\/strong>Radboud Universit\u00e4t Nijmegen (NL)<\/p>\n\n\n\n<p>Kulturelles Lernen ist unbestritten wesentlicher Bestandteil eines zeitgen\u00f6ssischen Fremdsprachenunterrichts. Ob und wie dies in der Unterrichtspraxis umgesetzt wird, d\u00fcrfte jedoch sehr unterschiedlich sein. Die in den letzten Jahrzehnten hierzu theoretisch gef\u00fchrte Debatte stellt den Begriff Landeskunde sowie Kategorien wie Land, Nation oder kulturelle Identit\u00e4t g\u00e4nzlich in Frage. Gefordert wird ein grundlegender Paradigmenwechsel, d.h. eine Modernisierung bzw. Transformation der \u201etraditionellen Landeskunde\u201c zu einem \u201ekulturwissenschaftlichen Ansatz\u201c (vgl. Koreik\/Pietzuch 2010) oder einer \u201ediskursiven Landeskunde\u201c (vgl. Altmayer 2017). Auch werden Bezeichnungen wie Kulturstudien, kulturbezogenes Lernen oder kulturreflexives Lernen (vgl. u.a. Schweiger et al. 2015, Baumann 2018, Badst\u00fcbner-Kizik 2023) vorgeschlagen. Statt einer faktisch, kommunikativ oder interkulturell ausgerichteten Landeskunde sollen die Prozesse der Deutung, der diskursiven Zuschreibung und des Aushandelns von Bedeutungen im Zentrum des Unterrichts und als Lernziel verankert werden. Entsprechend hinterfragen solche kulturwissenschaftlichen Ans\u00e4tze die Konstruktion der Dichotomie \u201afremd\u2018 und \u201aeigen\u2018 (aus dem interkulturellen Ansatz) und somit den Kulturbegriff selbst. Sie pl\u00e4dieren grunds\u00e4tzlich f\u00fcr eine reflexionsorientierte Vorgehensweise, bei der die vermeintlichen Zielsprachenkulturen nicht nur thematisiert und mit der vermeintlich eigenen Kultur kontrastiert, sondern auch diskutiert werden. Prozesse der Bedeutungszuweisung und -aushandlung sollen zum Aufbau einer Diskurskompetenz beitragen. Dadurch kann kulturbezogenes Lernen im Fremdsprachenunterricht wesentlich zur Entwicklung einer \u201aglobal citizenship\u2018 beitragen. Diese zweifelsohne anspruchsvollen Ziele d\u00fcrften weitestgehend in \u00dcbereinstimmung stehen mit dem beispielsweise von Schweiger (2021: 359) formulierten \u00fcbergeordneten Lernziel \u201eTeilhabe\u201c oder dem Begriff \u201ePartizipation\u201c, der schon von Groenewold (2005: 516) als letztlich anzustrebendes Lernziel des Fremdsprachenunterrichts vorgeschlagen wurde. Mit Schweiger (2021: 359) sei darauf verwiesen, dass die als Lernziel eines kulturellen Lernens anzustrebenden Kompetenzen, wie beispielsweise Teilhabe an verschiedensprachigen Diskursen oder am gesellschaftlichen und politischen Leben einer oder mehrerer Gesellschaften, auf theoretischer Ebene eine Frage des jeweiligen kulturdidaktischen Ansatzes sein d\u00fcrften. Gleichzeitig spielen aber auch die Unterrichtspraxis bzw. deren Rahmenbedingungen und die in ihr t\u00e4tigen Akteur:innen, also Lernende und Lehrende, eine entscheidende Rolle, wenn es um die Bestimmung von Lernzielen geht. Koreik und Fornoff (2020: 613) fordern entsprechend, \u201edass wir uns bei allen theoretischen \u00dcberlegungen zu einer st\u00e4rker kulturwissenschaftlich orientierten Ausrichtung kulturellen Lernens im DaF- und DaZ-Unterricht zumindest in einem zweiten Schritt auch immer zu vergegenw\u00e4rtigen haben, unter welchen Bedingungen er weltweit umgesetzt werden kann bzw. soll.\u201c Es stellt sich somit die Frage nach der praktischen Umsetzbarkeit theoretischer Ans\u00e4tze unter Ber\u00fccksichtigung der Lernvoraussetzungen und Rahmenbedingungen des Unterrichts, zu denen u.a. nationale Curricula, Lehrwerke, die Ausbildung von Lehrkr\u00e4ften sowie eine geographische oder sprachliche N\u00e4he zum deutschsprachigen Raum z\u00e4hlen (vgl. Koreik\/Fornoff 2020: 612).<\/p>\n\n\n\n<p>Wir freuen uns, dass Prof. Assoc. Dr. Beate Baumann (Universit\u00e4t Catania), Prof. Dr. Camilla Badst\u00fcbner-Kizik (Universit\u00e4t Pozna\u0144) und Assoz. Prof. Mag. Dr. Hannes Schweiger (Universit\u00e4t Wien) ihre Teilnahme als Plenarsprecher:innen bereits zugesagt haben.<\/p>\n\n\n\n<p>Im Rahmen dieser Tagung m\u00f6chten wir Sie\/euch herzlich einladen, Beitr\u00e4ge zu folgenden Themen einzureichen:<\/p>\n\n\n\n<ul class=\"wp-block-list\">\n<li>Theoretische Ans\u00e4tze und Positionen zum kulturbezogenen Lernen: Konzepte, Modelle und Lernziele wie Diskurskompetenz und \u201aglobal citizenship&#8216; im Kontext von Deutsch als Fremdsprache bzw. als Zweitsprache<\/li>\n\n\n\n<li>Umsetzbarkeit, Voraussetzungen und Chancen in verschiedenen Kontexten: L\u00e4nder- und zielgruppenspezifische Rahmenbedingungen, Curricula und Herangehensweisen an Konzepte wie \u201aglobal citizenship&#8216; im DaF- und DaZ-Unterricht<\/li>\n\n\n\n<li>Methoden der Erforschung und Evaluation von kulturbezogenen Lernprozessen sowie diesbez\u00fcgliche empirische Erkenntnisse<\/li>\n\n\n\n<li>Kulturbezogenes Lernen und erwerbsbezogene Faktoren wie Fremd- oder Zweitsprache, Lehr- und Lernkulturen bzw. Schulkultur<\/li>\n\n\n\n<li>Kulturdidaktische Konzepte und Ans\u00e4tze zur Integration in die Lehrpersonenbildung sowie curriculare Verankerungen und m\u00f6gliche Testung und Bewertung<\/li>\n\n\n\n<li>Methodische Innovationen im und f\u00fcr den Unterricht und die Lehrpersonenbildung: Fallstudien und empirisch erkundete Praxisberichte<\/li>\n\n\n\n<li>Kulturreflexives Lernen im Kontext internationaler Bildungskooperation und Potenziale von Begegnungsdidaktik und au\u00dferinstitutionellen Lernorten<\/li>\n\n\n\n<li>Kulturbezogenes Lernen im Zeitalter von KI<\/li>\n<\/ul>\n\n\n\n<p><strong>Bitte senden Sie\/sendet bis sp\u00e4testens 31.01.2026 ein Abstract von maximal 300 W\u00f6rtern (inkl. Literaturhinweise) und mit maximal 3 Literaturangaben an gip-nl-pl-d@uni-marburg.de. Eine Benachrichtigung \u00fcber die Annahme der Beitr\u00e4ge erfolgt bis sp\u00e4testens 28.02.2026.<\/strong><\/p>\n\n\n\n<p>Wir freuen uns auf vielf\u00e4ltige und spannende Beitr\u00e4ge, die das Thema aus unterschiedlichen Blickwinkeln beleuchten und zur Weiterentwicklung des kulturbezogenen Lernens in Theoriebildung und Unterrichtspraxis im Bereich Deutsch als Fremd- und Zweitsprachebeitragen.<\/p>\n\n\n\n<p>Assoc. Prof. Dr. Sabine Jentges (Radboud Universit\u00e4t Nijmegen)<\/p>\n\n\n\n<p>Prof. Dr. Sylwia Adamczak-Krysztofowicz (Adam-Mickiewicz Universit\u00e4t Pozna\u0144)<\/p>\n\n\n\n<p>Prof. Dr. Kathrin Siebold (Philipps-Universit\u00e4t Marburg)<\/p>\n\n\n\n<p>Mit finanzieller Unterst\u00fctzung der drei beteiligten Universit\u00e4ten und des<\/p>\n\n\n<div class=\"wp-block-image\">\n<figure class=\"aligncenter size-medium\"><img loading=\"lazy\" decoding=\"async\" width=\"300\" height=\"90\" src=\"https:\/\/gipmaponi.de\/wp-content\/uploads\/2025\/10\/DAAD-300x90.png\" alt=\"\" class=\"wp-image-472\" srcset=\"https:\/\/gipmaponi.de\/wp-content\/uploads\/2025\/10\/DAAD-300x90.png 300w, https:\/\/gipmaponi.de\/wp-content\/uploads\/2025\/10\/DAAD.png 592w\" sizes=\"auto, (max-width: 300px) 100vw, 300px\" \/><\/figure>\n<\/div>\n\n\n<p class=\"has-small-font-size\">Literaturhinweise:<\/p>\n\n\n\n<p class=\"has-small-font-size\">Altmayer, Claus (2017): Landeskunde im Globalisierungskontext. Wozu noch Kultur im DaF-Unterricht? In: Haase, Peter \/ H\u00f6ller, Michaela (Hrsg.): Kulturelles Lernen im DaF\/DaZ-Unterricht. Paradigmenwechsel in der Landeskunde. G\u00f6ttingen: Universit\u00e4tsverlag, S. 3\u201322.<\/p>\n\n\n\n<p class=\"has-small-font-size\">Badst\u00fcbner-Kizik, Camilla (2023): Wohin mit der Landeskunde? In: Dengscherz, Sabine \/ Schweiger, Hannes \/ Reitbrecht, Sandra \/ Sorge, Brigitte (Hrgs.): idt 2022. Band 2: Kulturreflexiv, \u00e4sthetisch, diskursiv. Sprachenlernen und die Vielfalt von Teilhabe. Berlin: Erich Schmidt Verlag, S. 31\u201344.<\/p>\n\n\n\n<p class=\"has-small-font-size\">Baumann, Beate (2018): Sprach- und kulturreflexives Lernen in Deutsch als Fremdsprache. Sprachen lehren \u2013 Sprachen lernen. Berlin: Frank &amp; Timme.<\/p>\n\n\n\n<p class=\"has-small-font-size\">Groenewold, Peter (2005): L\u00e4\u00dft sich ein Land lernen wie eine Fremdsprache? \u00dcberlegungen zu einem \u2013 unerlaubten \u2013 Vergleich. In: Info DaF 32\/6, S. 515\u2013527.<\/p>\n\n\n\n<p class=\"has-small-font-size\">Koreik, Uwe \/ Pietzuch, Jan-Paul (2010): Entwicklungslinien landeskundlicher Ans\u00e4tze und Vermittlungskonzepte. In: Krumm, Hans-J\u00fcrgen \/ Fandrych, Christian \/ Hufeisen, Britta \/ Riemer, Claudia (Hrsg.): Deutsch als Fremd- und Zweitsprache. Ein internationales Handbuch. Berlin\/New York: de Gruyter, S. 1440\u20131453.<\/p>\n\n\n\n<p class=\"has-small-font-size\">Koreik, Uwe \/ Fornoff, Roger (2020): Landeskunde\/Kulturstudien und kulturelles Lernen im Fach DaF\/DaZ \u2013 Eine Bestandsaufnahme und kritische Positionierung. In: ZIF 25\/1, S. 563\u2013648.<\/p>\n\n\n\n<p class=\"has-small-font-size\">Schweiger, Hannes \/ H\u00e4gi, Sara \/ D\u00f6ll, Marion (2015): Landeskundliche und (kultur)reflexive Konzepte. Impulse f\u00fcr die Praxis. In: Fremdsprache Deutsch 52, S. 3\u201310.<\/p>\n\n\n\n<p class=\"has-small-font-size\">Schweiger, Hannes (2021): Konzepte der \u201aLandeskunde\u2018 und des kulturellen Lernens. In: Altmayer, Claus \/ Biebigh\u00e4user, Katrin \/ Haberzettl, Stefanie \/Heine, Antje (Hrsg.): Handbuch Deutsch als Fremd- und Zweitsprache. Grundlagen \u2013 Theorie \u2013 Didaktik. Stuttgart: J. B. Metzler, S. 358\u2013375.<\/p>\n","protected":false},"excerpt":{"rendered":"<p>Kulturbezogenes Lernen im Bereich Deutsch als Fremd- und Zweitsprache: Positionen und Perspektiven Wir freuen uns, Sie\/euch zu der kommenden, im Rahmen der Germanistischen Institutspartnerschaft der Universit\u00e4ten Marburg \u2013 Pozna\u0144 \u2013 Nijmegen organisierten, wissenschaftlichen Tagung zum Thema \u201eKulturbezogenes Lernen im Bereich Deutsch als Fremd- und Zweitsprache: Positionen und Perspektiven\u201c nach Nijmegen (NL) einzuladen. Die Tagung will&#8230;<\/p>\n","protected":false},"author":1,"featured_media":0,"comment_status":"closed","ping_status":"","sticky":false,"template":"","format":"standard","meta":{"footnotes":""},"categories":[1,4],"tags":[],"class_list":["post-471","post","type-post","status-publish","format-standard","hentry","category-allgemein","category-veranstaltungen"],"_links":{"self":[{"href":"https:\/\/gipmaponi.de\/index.php?rest_route=\/wp\/v2\/posts\/471","targetHints":{"allow":["GET"]}}],"collection":[{"href":"https:\/\/gipmaponi.de\/index.php?rest_route=\/wp\/v2\/posts"}],"about":[{"href":"https:\/\/gipmaponi.de\/index.php?rest_route=\/wp\/v2\/types\/post"}],"author":[{"embeddable":true,"href":"https:\/\/gipmaponi.de\/index.php?rest_route=\/wp\/v2\/users\/1"}],"replies":[{"embeddable":true,"href":"https:\/\/gipmaponi.de\/index.php?rest_route=%2Fwp%2Fv2%2Fcomments&post=471"}],"version-history":[{"count":4,"href":"https:\/\/gipmaponi.de\/index.php?rest_route=\/wp\/v2\/posts\/471\/revisions"}],"predecessor-version":[{"id":508,"href":"https:\/\/gipmaponi.de\/index.php?rest_route=\/wp\/v2\/posts\/471\/revisions\/508"}],"wp:attachment":[{"href":"https:\/\/gipmaponi.de\/index.php?rest_route=%2Fwp%2Fv2%2Fmedia&parent=471"}],"wp:term":[{"taxonomy":"category","embeddable":true,"href":"https:\/\/gipmaponi.de\/index.php?rest_route=%2Fwp%2Fv2%2Fcategories&post=471"},{"taxonomy":"post_tag","embeddable":true,"href":"https:\/\/gipmaponi.de\/index.php?rest_route=%2Fwp%2Fv2%2Ftags&post=471"}],"curies":[{"name":"wp","href":"https:\/\/api.w.org\/{rel}","templated":true}]}}